{"id":1234,"date":"2024-07-28T19:47:00","date_gmt":"2024-07-28T19:47:00","guid":{"rendered":"https:\/\/nordligefolk.no\/?p=1234"},"modified":"2025-10-28T21:57:48","modified_gmt":"2025-10-28T21:57:48","slug":"aroya-aroyholmen","status":"publish","type":"post","link":"https:\/\/nordligefolk.no\/se_no\/aroya-aroyholmen\/","title":{"rendered":"\u00c5r\u00f8ya \/ \u00c5r\u00f8yholmen"},"content":{"rendered":"<p>\u00c5r\u00f8ya er den eneste \u00f8ya i Lyngenfjorden. \u00d8ya har sannsynligvis v\u00e6rt bebodd eller bes\u00f8kt siden jernalderen. P\u00e5 \u00f8ya finnes mange grunnmurer og rester etter tidligere tiders bebyggelse. Disse vitner om flere \u00e5rhundrer med blant g\u00e5rdsbruk, handel og forsvarsaktiviteter.<\/p>\n\n\n\n<p>P\u00e5 1950-tallet ble \u00f8ya kj\u00f8pt av forsvaret, og fram til 1. juli 2006 var det ferdselsforbud for sivilister p\u00e5 hele \u00c5r\u00f8ya.<\/p>\n\n\n\n<div><div class=\"gb-looper-58def19e\">\n<div class=\"gb-loop-item gb-loop-item-6bfd59a2 post-1249 post type-post status-publish format-standard has-post-thumbnail hentry category-historie-og-religion tag-aroya\">\n<a href=\"https:\/\/nordligefolk.no\/se_no\/bjornegraver-pa-bonkholmen\/\"><img decoding=\"async\" width=\"900\" height=\"600\" data-media-id=\"1248\" class=\"gb-media-1734a4fa\" src=\"https:\/\/nordligefolk.no\/wp-content\/uploads\/2025\/10\/9007.jpg\" alt=\"Bj\u00f8rnegraver p\u00e5 Bonkholmen\" srcset=\"https:\/\/nordligefolk.no\/wp-content\/uploads\/2025\/10\/9007.jpg 900w, https:\/\/nordligefolk.no\/wp-content\/uploads\/2025\/10\/9007-300x200.jpg 300w, https:\/\/nordligefolk.no\/wp-content\/uploads\/2025\/10\/9007-768x512.jpg 768w\" sizes=\"(max-width: 900px) 100vw, 900px\" \/><\/a>\n\n\n\n<h2 class=\"gb-text gb-text-662fd335\"><a href=\"https:\/\/nordligefolk.no\/se_no\/bjornegraver-pa-bonkholmen\/\">Bj\u00f8rnegraver p\u00e5 Bonkholmen<\/a><\/h2>\n\n\n\n<p class=\"gb-text\">Vest for s\u00f8renden av \u00c5r\u00f8ya ligger det en liten holme som kalles Bonkholmen. \u00a0Her har arkeologer funnet beinrester etter brunebj\u00f8rner som ble gravlagt der for 1500 \u00e5r siden. Disse bj\u00f8rnegravene er et av de eldste funnene av bj\u00f8rngrav i Nord-Norge.<\/p>\n<\/div>\n\n<div class=\"gb-loop-item gb-loop-item-6bfd59a2 post-1244 post type-post status-publish format-standard has-post-thumbnail hentry category-fortellinger-sagn-og-myter category-historie-og-religion tag-aroya\">\n<a href=\"https:\/\/nordligefolk.no\/se_no\/historien-om-bonki\/\"><img decoding=\"async\" width=\"1086\" height=\"611\" data-media-id=\"1245\" class=\"gb-media-1734a4fa\" src=\"https:\/\/nordligefolk.no\/wp-content\/uploads\/2025\/10\/bonki_screenshot.png\" alt=\"Historien om Bonki\" srcset=\"https:\/\/nordligefolk.no\/wp-content\/uploads\/2025\/10\/bonki_screenshot.png 1086w, https:\/\/nordligefolk.no\/wp-content\/uploads\/2025\/10\/bonki_screenshot-300x169.png 300w, https:\/\/nordligefolk.no\/wp-content\/uploads\/2025\/10\/bonki_screenshot-1024x576.png 1024w, https:\/\/nordligefolk.no\/wp-content\/uploads\/2025\/10\/bonki_screenshot-768x432.png 768w\" sizes=\"(max-width: 1086px) 100vw, 1086px\" \/><\/a>\n\n\n\n<h2 class=\"gb-text gb-text-662fd335\"><a href=\"https:\/\/nordligefolk.no\/se_no\/historien-om-bonki\/\">Historien om Bonki<\/a><\/h2>\n\n\n\n<p class=\"gb-text\">Bonkholmen har f\u00e5tt sitt navn etter samen Bonki, som i f\u00f8lge sagnet bodde p\u00e5 \u00f8ya p\u00e5 1800-tallet, og var den siste hedning i Lyngen.<\/p>\n<\/div>\n\n<div class=\"gb-loop-item gb-loop-item-6bfd59a2 post-1240 post type-post status-publish format-standard has-post-thumbnail hentry category-historie-og-religion tag-aroya\">\n<a href=\"https:\/\/nordligefolk.no\/se_no\/friluftsliv-og-rekreasjon-pa-aroya\/\"><img decoding=\"async\" width=\"900\" height=\"496\" data-media-id=\"1237\" class=\"gb-media-1734a4fa\" src=\"https:\/\/nordligefolk.no\/wp-content\/uploads\/2025\/10\/Friluft911.jpg\" alt=\"Friluftsliv og rekreasjon p\u00e5 \u00c5r\u00f8ya\" srcset=\"https:\/\/nordligefolk.no\/wp-content\/uploads\/2025\/10\/Friluft911.jpg 900w, https:\/\/nordligefolk.no\/wp-content\/uploads\/2025\/10\/Friluft911-300x165.jpg 300w, https:\/\/nordligefolk.no\/wp-content\/uploads\/2025\/10\/Friluft911-768x423.jpg 768w\" sizes=\"(max-width: 900px) 100vw, 900px\" \/><\/a>\n\n\n\n<h2 class=\"gb-text gb-text-662fd335\"><a href=\"https:\/\/nordligefolk.no\/se_no\/friluftsliv-og-rekreasjon-pa-aroya\/\">Friluftsliv og rekreasjon p\u00e5 \u00c5r\u00f8ya<\/a><\/h2>\n\n\n\n<p class=\"gb-text\">\u00c5r\u00f8ya er som skapt for naturopplevelser og utforskning. Her er et rikt plante- og fugleliv og masser av kulturminner. St\u00f8rsteparten av \u00f8ya er fredet i sommersesongen.<\/p>\n<\/div>\n\n<div class=\"gb-loop-item gb-loop-item-6bfd59a2 post-1259 post type-post status-publish format-standard has-post-thumbnail hentry category-historie-og-religion tag-aroya\">\n<a href=\"https:\/\/nordligefolk.no\/se_no\/bosetning-pa-aroya\/\"><img decoding=\"async\" width=\"900\" height=\"664\" data-media-id=\"1258\" class=\"gb-media-1734a4fa\" src=\"https:\/\/nordligefolk.no\/wp-content\/uploads\/2025\/10\/900.jpg\" alt=\"Bosetning p\u00e5 \u00c5r\u00f8ya\" srcset=\"https:\/\/nordligefolk.no\/wp-content\/uploads\/2025\/10\/900.jpg 900w, https:\/\/nordligefolk.no\/wp-content\/uploads\/2025\/10\/900-300x221.jpg 300w, https:\/\/nordligefolk.no\/wp-content\/uploads\/2025\/10\/900-768x567.jpg 768w\" sizes=\"(max-width: 900px) 100vw, 900px\" \/><\/a>\n\n\n\n<h2 class=\"gb-text gb-text-662fd335\"><a href=\"https:\/\/nordligefolk.no\/se_no\/bosetning-pa-aroya\/\">Bosetning p\u00e5 \u00c5r\u00f8ya<\/a><\/h2>\n\n\n\n<p class=\"gb-text\">\u00c5r\u00f8ya ligger Lyngenfjorden. \u00d8ya har sannsynligvis v\u00e6rt bebodd eller bes\u00f8kt siden jernalderen. P\u00e5 \u00f8ya finnes flere grunnmurer og rester etter tidligere tiders bebyggelse.<\/p>\n<\/div>\n\n<div class=\"gb-loop-item gb-loop-item-6bfd59a2 post-1253 post type-post status-publish format-standard has-post-thumbnail hentry category-historie-og-religion tag-aroya\">\n<a href=\"https:\/\/nordligefolk.no\/se_no\/krigsminner-etter-andre-verdenskrig\/\"><img decoding=\"async\" width=\"900\" height=\"618\" data-media-id=\"1252\" class=\"gb-media-1734a4fa\" src=\"https:\/\/nordligefolk.no\/wp-content\/uploads\/2025\/10\/9005.jpg\" alt=\"Krigsminner etter andre verdenskrig\" srcset=\"https:\/\/nordligefolk.no\/wp-content\/uploads\/2025\/10\/9005.jpg 900w, https:\/\/nordligefolk.no\/wp-content\/uploads\/2025\/10\/9005-300x206.jpg 300w, https:\/\/nordligefolk.no\/wp-content\/uploads\/2025\/10\/9005-768x527.jpg 768w\" sizes=\"(max-width: 900px) 100vw, 900px\" \/><\/a>\n\n\n\n<h2 class=\"gb-text gb-text-662fd335\"><a href=\"https:\/\/nordligefolk.no\/se_no\/krigsminner-etter-andre-verdenskrig\/\">Krigsminner etter andre verdenskrig<\/a><\/h2>\n\n\n\n<p class=\"gb-text\">I Lyngen s\u00e5 tyskerne at omr\u00e5det, geografisk sett, er den f\u00f8rste naturlige forsvarsbarrieren hvor det er mulig \u00e5 forsvare seg mot et milit\u00e6rt angrep fra \u00f8st. Omr\u00e5det har lange fjorder og h\u00f8ye fjellparti.<\/p>\n<\/div>\n<\/div>\n\n\n<div class=\"gb-element-c9f8922f gb-query-loop-pagination\">\n\n\n\n<\/div>\n\n\n<\/div>","protected":false},"excerpt":{"rendered":"<p>\u00c5r\u00f8ya er den eneste \u00f8ya i Lyngenfjorden. \u00d8ya har sannsynligvis v\u00e6rt bebodd eller bes\u00f8kt siden jernalderen. P\u00e5 \u00f8ya finnes mange grunnmurer og rester etter tidligere tiders bebyggelse.<\/p>","protected":false},"author":2,"featured_media":1235,"comment_status":"open","ping_status":"open","sticky":false,"template":"","format":"standard","meta":{"footnotes":""},"categories":[17],"tags":[],"class_list":["post-1234","post","type-post","status-publish","format-standard","has-post-thumbnail","hentry","category-historie-og-religion"],"_links":{"self":[{"href":"https:\/\/nordligefolk.no\/se_no\/wp-json\/wp\/v2\/posts\/1234","targetHints":{"allow":["GET"]}}],"collection":[{"href":"https:\/\/nordligefolk.no\/se_no\/wp-json\/wp\/v2\/posts"}],"about":[{"href":"https:\/\/nordligefolk.no\/se_no\/wp-json\/wp\/v2\/types\/post"}],"author":[{"embeddable":true,"href":"https:\/\/nordligefolk.no\/se_no\/wp-json\/wp\/v2\/users\/2"}],"replies":[{"embeddable":true,"href":"https:\/\/nordligefolk.no\/se_no\/wp-json\/wp\/v2\/comments?post=1234"}],"version-history":[{"count":2,"href":"https:\/\/nordligefolk.no\/se_no\/wp-json\/wp\/v2\/posts\/1234\/revisions"}],"predecessor-version":[{"id":1243,"href":"https:\/\/nordligefolk.no\/se_no\/wp-json\/wp\/v2\/posts\/1234\/revisions\/1243"}],"wp:featuredmedia":[{"embeddable":true,"href":"https:\/\/nordligefolk.no\/se_no\/wp-json\/wp\/v2\/media\/1235"}],"wp:attachment":[{"href":"https:\/\/nordligefolk.no\/se_no\/wp-json\/wp\/v2\/media?parent=1234"}],"wp:term":[{"taxonomy":"category","embeddable":true,"href":"https:\/\/nordligefolk.no\/se_no\/wp-json\/wp\/v2\/categories?post=1234"},{"taxonomy":"post_tag","embeddable":true,"href":"https:\/\/nordligefolk.no\/se_no\/wp-json\/wp\/v2\/tags?post=1234"}],"curies":[{"name":"wp","href":"https:\/\/api.w.org\/{rel}","templated":true}]}}