{"id":2085,"date":"2016-02-20T19:27:00","date_gmt":"2016-02-20T19:27:00","guid":{"rendered":"https:\/\/nordligefolk.no\/?p=2085"},"modified":"2026-02-09T19:31:18","modified_gmt":"2026-02-09T19:31:18","slug":"alf-magne-salo","status":"publish","type":"post","link":"https:\/\/nordligefolk.no\/fi\/alf-magne-salo\/","title":{"rendered":"Alf Magne Salo"},"content":{"rendered":"<p><strong>Kuvataiteilija Alf Magne Salo (1959-2013) syntyi ja kasvoi K\u00e5fjordissa. H\u00e4nen abstraktit maalauksensa kuvaavat pohjoista maisemaa valon, muotojen, voimakkaiden v\u00e4rien ja kontrastien kautta.<\/strong><\/p>\n\n\n\n<p>Salon kantava voima oli esteettinen, ja h\u00e4nell\u00e4 oli visio t\u00e4ydellisest\u00e4 taiteellisesta ilmaisusta. H\u00e4nen aikaisemmissa maalauksissaan pohjoisen vuodenajan pimeys heijastuu tummilla s\u00e4vyill\u00e4 ja v\u00e4reill\u00e4, kun taas h\u00e4nen uudemmissa maalauksissaan, joissa on voimakkaat keltaiset v\u00e4rit, keskityt\u00e4\u00e4n kirkkaaseen vuodenaikaan keskiy\u00f6n auringon kanssa.<\/p>\n\n\n\n<p>Impressionismi, modernismi ja kubismi olivat Saloa innoittaneita taidesuuntauksia. H\u00e4nt\u00e4 inspiroivat my\u00f6s duodjissa esiintyv\u00e4t orgaaniset muodot, ja Salon itsens\u00e4 mukaan saamelaisestetiikka on edustettuna h\u00e4nen maalauksissaan. Maalausten valo, kontrastit, v\u00e4rit, muodot ja voima tarjoavat intensiivisen kokemuksen sek\u00e4 luonnon ett\u00e4 ihmisen olemassaolon valoisista ja pimeist\u00e4 puolista.<\/p>\n\n\n\n<p>Salo opiskeli Funenin taideakatemiassa Odensessa Tanskassa vuosina 1979-1983. H\u00e4nen teoksiaan on esill\u00e4 useissa saamelaisteemaisissa n\u00e4yttelyiss\u00e4:<\/p>\n\n\n\n<ul class=\"wp-block-list\">\n<li>Mu geaidnu - minun tapani (2006)<\/li>\n\n\n\n<li>Keskiy\u00f6n auringon varjossa (2007-2008)<\/li>\n\n\n\n<li>Gierdu : saamelaisen taiteen liikkeet (2009-2010)<\/li>\n\n\n\n<li>Erill\u00e4\u00e4n oleminen (2009-2010)<\/li>\n<\/ul>\n\n\n\n<p>Salolla oli erillinen taiden\u00e4yttely Saamelaisk\u00e4r\u00e4jill\u00e4 vuonna 2007, ja h\u00e4n on edustettuna useissa alueen julkisissa kokoelmissa, kuten Pohjois-Norjan taidemuseossa, Tromsin l\u00e4\u00e4ninhallituksessa, Sparebank 1 Nord-Norges kunststiftelse -nimisess\u00e4 s\u00e4\u00e4st\u00f6pankissa ja RidduDuottar Museat - saamelaiskokoelmissa.<\/p>\n\n\n\n<p>H\u00e4n on koristellut my\u00f6s useita julkisia rakennuksia, kuten Nordlandin sairaalan Bod\u00f8ss\u00e4, Tromssan Tinghusin ja Pohjoisen ihmisten keskuksen Manndalenissa. H\u00e4n suunnitteli Riddu Ri\u0111\u0111u -festivaalin julisteen vuonna 1999 ja my\u00f6s Riddu Ri\u0111\u0111u -festivaalin n\u00e4ytt\u00e4m\u00f6n.<\/p>\n\n\n\n<p>Vuonna 2014 K\u00e5fjord kunnioitti taiteilijaa muiston\u00e4yttelyll\u00e4 Pohjoisten kansojen keskuksessa.<\/p>\n\n\n\n<p>Lis\u00e4tietoja Alf Magne Salosta:<\/p>\n\n\n\n<p><a href=\"http:\/\/www.senterfornordligefolk.no\/minneutstilling-for-alf-salo.5458037.html\">Alf Magne Salon muiston\u00e4yttely, Pohjoisten kansojen keskus 2014<\/a><\/p>\n\n\n\n<p><a href=\"https:\/\/www.nrk.no\/sapmi\/--kunsteren-lever-i-bildene-1.11652255\">Alf Magne Salon muiston\u00e4yttely, NRK S\u00e1pmi<\/a><\/p>\n\n\n\n<p><a href=\"https:\/\/www.nrk.no\/video\/emne\/alf%20magne%20salo\">Videoleike muistomerkkin\u00e4yttelyst\u00e4, NRK<\/a><\/p>\n\n\n\n<p><a href=\"http:\/\/snnstiftelsene.no\/kunststiftelsen\/kunst\/var-4\">Alf-Magne Salo, Sparebank 1 Kunststiftelsen<\/a><\/p>","protected":false},"excerpt":{"rendered":"<p>Kuvataiteilija Alf Magne Salo (1959-2013) syntyi ja kasvoi K\u00e5fjordissa. H\u00e4nen abstraktit maalauksensa kuvaavat pohjoista maisemaa valon, muotojen, voimakkaiden v\u00e4rien ja kontrastien kautta.<\/p>","protected":false},"author":2,"featured_media":2086,"comment_status":"open","ping_status":"open","sticky":false,"template":"","format":"standard","meta":{"footnotes":""},"categories":[18],"tags":[],"class_list":["post-2085","post","type-post","status-publish","format-standard","has-post-thumbnail","hentry","category-kunst-musikk-og-litteratur"],"_links":{"self":[{"href":"https:\/\/nordligefolk.no\/fi\/wp-json\/wp\/v2\/posts\/2085","targetHints":{"allow":["GET"]}}],"collection":[{"href":"https:\/\/nordligefolk.no\/fi\/wp-json\/wp\/v2\/posts"}],"about":[{"href":"https:\/\/nordligefolk.no\/fi\/wp-json\/wp\/v2\/types\/post"}],"author":[{"embeddable":true,"href":"https:\/\/nordligefolk.no\/fi\/wp-json\/wp\/v2\/users\/2"}],"replies":[{"embeddable":true,"href":"https:\/\/nordligefolk.no\/fi\/wp-json\/wp\/v2\/comments?post=2085"}],"version-history":[{"count":1,"href":"https:\/\/nordligefolk.no\/fi\/wp-json\/wp\/v2\/posts\/2085\/revisions"}],"predecessor-version":[{"id":2087,"href":"https:\/\/nordligefolk.no\/fi\/wp-json\/wp\/v2\/posts\/2085\/revisions\/2087"}],"wp:featuredmedia":[{"embeddable":true,"href":"https:\/\/nordligefolk.no\/fi\/wp-json\/wp\/v2\/media\/2086"}],"wp:attachment":[{"href":"https:\/\/nordligefolk.no\/fi\/wp-json\/wp\/v2\/media?parent=2085"}],"wp:term":[{"taxonomy":"category","embeddable":true,"href":"https:\/\/nordligefolk.no\/fi\/wp-json\/wp\/v2\/categories?post=2085"},{"taxonomy":"post_tag","embeddable":true,"href":"https:\/\/nordligefolk.no\/fi\/wp-json\/wp\/v2\/tags?post=2085"}],"curies":[{"name":"wp","href":"https:\/\/api.w.org\/{rel}","templated":true}]}}